{"id":110,"date":"2025-02-17T18:20:13","date_gmt":"2025-02-17T17:20:13","guid":{"rendered":"https:\/\/www.une-cap.org\/?p=110"},"modified":"2025-02-17T18:20:14","modified_gmt":"2025-02-17T17:20:14","slug":"rapport-aux-salaries-resultats-de-lenquete-et-revendications","status":"publish","type":"post","link":"https:\/\/www.une-cap.org\/index.php\/2025\/02\/17\/rapport-aux-salaries-resultats-de-lenquete-et-revendications\/","title":{"rendered":"Rapport aux Salari\u00e9s \u2013 R\u00e9sultats de l\u2019Enqu\u00eate et Revendications"},"content":{"rendered":"\n<p>Chers coll\u00e8gues,<\/p>\n\n\n\n<p>Dans un contexte o\u00f9 des d\u00e9cisions importantes sont prises sans consultation r\u00e9elle des salari\u00e9s, nous avons men\u00e9, courant janvier 2025, un sondage aupr\u00e8s d\u2019un \u00e9chantillon de salari\u00e9s du groupe, recueillant environ 1 000 r\u00e9ponses.<\/p>\n\n\n\n<p>Ce sondage avait pour objectif de mieux comprendre vos pr\u00e9occupations et attentes sur des sujets essentiels tels que la r\u00e9mun\u00e9ration, les conditions de travail, la transparence de la gestion, et la reconnaissance de notre engagement au sein de l\u2019entreprise.<\/p>\n\n\n\n<p>Vous trouverez ci-dessous une synth\u00e8se des r\u00e9sultats, suivie des propositions et revendications adress\u00e9es \u00e0 la Direction.<\/p>\n\n\n\n<ol class=\"wp-block-list\">\n<li>Synth\u00e8se des r\u00e9sultats du sondage<\/li>\n<\/ol>\n\n\n\n<p>Lieu de travail :<br>\u2022 55,7% des r\u00e9pondants travaillent dans les locaux de l\u2019entreprise<br>\u2022 44,3% des r\u00e9pondants sont en mission chez un client<br>\u2192 Il est important de noter que plus de 60% des salari\u00e9s travaillent chez un client. Ce chiffre souligne une possible sous-repr\u00e9sentation des salari\u00e9s en mission, dont les pr\u00e9occupations sp\u00e9cifiques doivent \u00eatre mieux prises en compte par la Direction.<\/p>\n\n\n\n<p>Cong\u00e9 Respiration (#GetABreak) :<br>\u2022 52% sont inquiets<br>\u2022 34,7% favorables<br>\u2022 13,3% contre (ill\u00e9gal\/inappropri\u00e9)<br>\u2192 L\u2019inqui\u00e9tude dominante souligne un besoin de clart\u00e9 et de garanties sur cette mesure, notamment sur son impact \u00e0 long terme sur les carri\u00e8res.<\/p>\n\n\n\n<p>Outils de gestion des temps (GTM, Replicon, etc.) :<br>\u2022 60,2% les jugent contraignants<br>\u2022 39,8% les trouvent utiles<br>\u2192 Ces outils doivent \u00eatre adapt\u00e9s aux r\u00e9alit\u00e9s du terrain, en particulier pour ceux qui travaillent chez un client et jonglent avec plusieurs syst\u00e8mes.<\/p>\n\n\n\n<p>Grades unifi\u00e9s et coefficients Syntec :<br>\u2022 44,8% ne connaissent pas le syst\u00e8me<br>\u2022 43,3% d\u00e9favorables<br>\u2022 11,9% favorables<br>\u2192 Il est essentiel que l\u2019entreprise publie un tableau de correspondance clair entre les grades internes et les positions\/coefficients Syntec.<\/p>\n\n\n\n<p>R\u00e9mun\u00e9ration et \u00e9volution salariale :<br>\u2022 88,5% sont insatisfaits<br>\u2022 11,5% satisfaits<br>\u2192 Ce r\u00e9sultat est sans appel : la r\u00e9mun\u00e9ration et son \u00e9volution sont une priorit\u00e9 absolue.<\/p>\n\n\n\n<p>Transparence des donn\u00e9es financi\u00e8res :<br>\u2022 75,1% souhaitent plus de transparence<br>\u2022 24,9% estiment que ce n\u2019est pas n\u00e9cessaire<br>\u2192 Une meilleure visibilit\u00e9 sur les chiffres cl\u00e9s du groupe permettrait de renforcer la confiance et d\u2019\u00e9viter les contradictions entre le discours officiel et les d\u00e9cisions \u00e9conomiques prises.<\/p>\n\n\n\n<p>Prise en compte des sp\u00e9cificit\u00e9s des salari\u00e9s en mission :<br>\u2022 84,6% pensent que la Direction ne prend pas en compte leurs sp\u00e9cificit\u00e9s<br>\u2022 15,4% estiment que la Direction en tient compte<br>\u2192 Ces chiffres d\u00e9montrent une forte insatisfaction des salari\u00e9s en mission chez un client, qui se sentent souvent isol\u00e9s et insuffisamment pris en consid\u00e9ration par l\u2019entreprise. Les retours qualitatifs soulignent un manque de reconnaissance de leurs conditions de travail, une int\u00e9gration insuffisante dans la vie de l\u2019entreprise, et un d\u00e9faut de prise en compte de leur situation sp\u00e9cifique lors des \u00e9valuations et des d\u00e9cisions de carri\u00e8re.<\/p>\n\n\n\n<ol start=\"2\" class=\"wp-block-list\">\n<li>Principales revendications issues de la question ouverte<\/li>\n<\/ol>\n\n\n\n<p>Les r\u00e9ponses libres montrent une forte attente des salari\u00e9s sur plusieurs sujets majeurs, n\u00e9cessitant une \u00e9volution \u00e0 la fois dans la gouvernance de l\u2019entreprise et dans le dialogue social.:<\/p>\n\n\n\n<ol class=\"wp-block-list\">\n<li>Transparence et reconnaissance des efforts des salari\u00e9s :<\/li>\n<\/ol>\n\n\n\n<ul class=\"wp-block-list\">\n<li>Publication des chiffres cl\u00e9s de l\u2019entreprise (r\u00e9sultats, portefeuille clients, rentabilit\u00e9) pour une meilleure compr\u00e9hension des choix strat\u00e9giques.<\/li>\n\n\n\n<li>Transparence sur les processus d\u2019augmentation salariale et garantie d\u2019une meilleure \u00e9quit\u00e9 dans les r\u00e9mun\u00e9rations.<\/li>\n\n\n\n<li>Communication plus honn\u00eate et align\u00e9e avec la r\u00e9alit\u00e9 du terrain, pour \u00e9viter les contradictions per\u00e7ues entre discours et d\u00e9cisions (ex. : restrictions budg\u00e9taires vs. r\u00e9mun\u00e9ration des dirigeants).<\/li>\n<\/ul>\n\n\n\n<p>Exemples de retours des salari\u00e9s :<br>\u202f\u201cLa direction ne respecte pas ses propres principes d\u2019\u00e9quit\u00e9. Certains obtiennent des augmentations simplement parce qu\u2019ils sont proches de leur manager, alors que d\u2019autres stagnent malgr\u00e9 de bons r\u00e9sultats.\u201d<br>\u202f\u201cLa communication officielle est compl\u00e8tement d\u00e9connect\u00e9e de notre quotidien. On nous parle de \u2018p\u00e9riode difficile\u2019 et de \u2018ma\u00eetrise des co\u00fbts\u2019, mais en m\u00eame temps, les dirigeants s\u2019octroient des hausses de r\u00e9mun\u00e9ration ind\u00e9centes. Cela d\u00e9truit toute confiance.\u201d<\/p>\n\n\n\n<ol start=\"2\" class=\"wp-block-list\">\n<li>Meilleure gestion des carri\u00e8res et revalorisation salariale :<\/li>\n<\/ol>\n\n\n\n<ul class=\"wp-block-list\">\n<li>Visibilit\u00e9 accrue sur l\u2019\u00e9volution des salaires par grade et comp\u00e9tences, avec la publication d\u2019un tableau de correspondance entre les grades internes et les coefficients Syntec.<\/li>\n\n\n\n<li>Mise en place d\u2019un passage automatique \u00e0 un grade sup\u00e9rieur apr\u00e8s un certain nombre d\u2019ann\u00e9es d\u2019exp\u00e9rience et de performance av\u00e9r\u00e9e.<\/li>\n\n\n\n<li>D\u00e9veloppement des formations pr\u00e9sentielles et des accompagnements de carri\u00e8re pour garantir une mont\u00e9e en comp\u00e9tences adapt\u00e9e aux besoins du march\u00e9 et aux aspirations des salari\u00e9s.<\/li>\n<\/ul>\n\n\n\n<p>Exemples de retours des salari\u00e9s :<br>\u202f\u201cIl faudrait une visibilit\u00e9 sur les salaires par grade et comp\u00e9tence \u00e9quivalente. Aujourd\u2019hui, les augmentations sont arbitraires et on ne comprend pas les crit\u00e8res retenus.\u201d<br>\u201cPourquoi ne pas publier un tableau de correspondance entre les grades internes et les coefficients Syntec ? Aujourd\u2019hui, on navigue \u00e0 l\u2019aveugle sur notre position et notre \u00e9volution.\u201d<br>\u201cIl faudrait un minimum de garanties sur l\u2019\u00e9volution de carri\u00e8re. Apr\u00e8s plusieurs ann\u00e9es \u00e0 un m\u00eame poste avec de bons r\u00e9sultats, le passage au grade sup\u00e9rieur devrait \u00eatre automatique au lieu de d\u00e9pendre d\u2019un entretien annuel flou.\u201d<\/p>\n\n\n\n<ol start=\"3\" class=\"wp-block-list\">\n<li>Am\u00e9lioration des conditions de travail :<\/li>\n<\/ol>\n\n\n\n<ul class=\"wp-block-list\">\n<li>R\u00e9duction du contr\u00f4le excessif et des processus administratifs lourds (ex. : Replicon), per\u00e7us comme un outil de surveillance plut\u00f4t qu\u2019un levier d\u2019optimisation.<\/li>\n\n\n\n<li>Prise en compte des r\u00e9alit\u00e9s des salari\u00e9s en mission externe, notamment sur l\u2019isolement et l\u2019acc\u00e8s aux ressources (double mat\u00e9riel informatique, participation aux \u00e9v\u00e9nements internes, etc.).<\/li>\n\n\n\n<li>Un management de proximit\u00e9 plus humain, avec des responsables r\u00e9ellement investis dans le suivi et l\u2019\u00e9volution des salari\u00e9s, en \u00e9vitant un turnover trop fr\u00e9quent des managers de carri\u00e8re.<\/li>\n<\/ul>\n\n\n\n<p>Exemples de retours des salari\u00e9s :<br>\u00ab Il faut stabiliser les outils et arr\u00eater de tout changer tous les 6 mois. \u00bb<br>\u00ab Les PM (People Managers) font du RH alors que ce n\u2019est pas leur r\u00f4le. \u00bb<br>\u00ab Un vrai management de proximit\u00e9, avec des gens qui nous suivent sur le long terme, ce serait un bon d\u00e9but. \u00bb<\/p>\n\n\n\n<ol start=\"4\" class=\"wp-block-list\">\n<li>Participation active des salari\u00e9s aux d\u00e9cisions :<\/li>\n<\/ol>\n\n\n\n<ul class=\"wp-block-list\">\n<li>Mettre fin aux consultations \u201cpour la forme\u201d et garantir une prise en compte r\u00e9elle des avis exprim\u00e9s.<\/li>\n\n\n\n<li>Instaurer des consultations pr\u00e9alables et des comit\u00e9s de salari\u00e9s tir\u00e9s au sort pour co-construire les d\u00e9cisions strat\u00e9giques.<\/li>\n\n\n\n<li>Soumettre certaines d\u00e9cisions majeures au vote des salari\u00e9s, notamment celles impactant directement leur r\u00e9mun\u00e9ration et leurs conditions de travail.<\/li>\n<\/ul>\n\n\n\n<p>Exemples de retours des salari\u00e9s :<br>\u00ab Il faut arr\u00eater la langue de bois et dire les choses franchement. \u00bb<br>\u00ab La direction doit consulter les salari\u00e9s AVANT de prendre des d\u00e9cisions importantes, et pas juste les informer apr\u00e8s. \u00bb<br>\u00ab Il faudrait une instance de collaborateurs tir\u00e9s au sort pour travailler avec la Direction sur les d\u00e9cisions \u00e0 prendre. \u00bb<\/p>\n\n\n\n<ol start=\"5\" class=\"wp-block-list\">\n<li>R\u00e9partition plus \u00e9quitable des richesses :<\/li>\n<\/ol>\n\n\n\n<ul class=\"wp-block-list\">\n<li>Augmentations salariales plus justes et transparentes, adapt\u00e9es \u00e0 l\u2019inflation et aux performances de l\u2019entreprise.<\/li>\n\n\n\n<li>Une meilleure r\u00e9partition des b\u00e9n\u00e9fices entre salari\u00e9s et actionnaires, avec plus d\u2019investissement dans les r\u00e9mun\u00e9rations et les avantages sociaux.<\/li>\n\n\n\n<li>Partage d\u2019actions gratuites pour reconna\u00eetre l\u2019implication des salari\u00e9s et les associer directement aux r\u00e9sultats de l\u2019entreprise.<\/li>\n<\/ul>\n\n\n\n<p>Exemples de retours des salari\u00e9s :<br>\u202f\u201cOn ne peut pas nous dire que l\u2019ann\u00e9e a \u00e9t\u00e9 difficile financi\u00e8rement quand, en parall\u00e8le, la r\u00e9mun\u00e9ration du PDG augmente de 30 % et que les actionnaires re\u00e7oivent des dividendes records. Il faut plus de transparence sur les r\u00e9sultats et la r\u00e9partition des richesses.\u201d<br>\u00ab Plus de justice dans le partage des richesses. \u00bb<br>\u00ab La direction doit \u00eatre plus transparente sur la politique salariale et les crit\u00e8res d\u2019augmentation. \u00bb<\/p>\n\n\n\n<ol start=\"6\" class=\"wp-block-list\">\n<li>Meilleure prise en compte des salari\u00e9s en mission chez un client :<\/li>\n<\/ol>\n\n\n\n<ul class=\"wp-block-list\">\n<li>Reconnaissance du travail effectu\u00e9 chez le client, avec des crit\u00e8res d\u2019\u00e9valuation adapt\u00e9s \u00e0 leur r\u00e9alit\u00e9 et une prise en compte de leur r\u00f4le dans leur \u00e9volution de carri\u00e8re.<\/li>\n\n\n\n<li>Renforcement de la communication et de l\u2019int\u00e9gration pour \u00e9viter l\u2019isolement, en facilitant leur participation aux r\u00e9unions, \u00e9v\u00e9nements et prises de d\u00e9cision de l\u2019entreprise.<\/li>\n\n\n\n<li>Acc\u00e8s \u00e0 du mat\u00e9riel et des outils adapt\u00e9s pour garantir des conditions de travail optimales en mission.<\/li>\n\n\n\n<li>Meilleur suivi : \u00e9viter que les entretiens de carri\u00e8re deviennent de simples formalit\u00e9s sans r\u00e9elle \u00e9coute des pr\u00e9occupations des salari\u00e9s.<\/li>\n<\/ul>\n\n\n\n<p>Exemples de retours des salari\u00e9s :<br>\u202f\u201cLes crit\u00e8res d\u2019\u00e9valuation ne tiennent pas compte de la r\u00e9alit\u00e9 des missions en client\u00e8le. Nous sommes jug\u00e9s sur des aspects qui ne refl\u00e8tent pas notre travail r\u00e9el et notre impact chez le client.\u201d<br>\u201cLes consultants en mission sont trop souvent oubli\u00e9s. Nos performances et contributions chez le client devraient \u00eatre mieux reconnues et prises en compte dans notre \u00e9volution de carri\u00e8re.\u201d<br>\u202f\u201cNous sommes compl\u00e8tement coup\u00e9s de la vie de l\u2019entreprise. Il faudrait organiser plus de r\u00e9unions ou \u00e9v\u00e9nements accessibles \u00e0 tous, y compris ceux en mission chez un client.\u201d<br>\u202f\u201cDifficile de se sentir impliqu\u00e9 quand on ne re\u00e7oit presque aucune communication de la direction et qu\u2019on n\u2019est jamais consult\u00e9 sur les d\u00e9cisions qui nous concernent.\u201d<br>\u202f\u202f\u202f\u201cLes diff\u00e9rences de mat\u00e9riel entre Capgemini et le client rendent parfois notre travail plus difficile. Un alignement sur les outils et un soutien technique seraient n\u00e9cessaires.\u201d<br>\u201cIl faudrait un minimum de garanties sur l\u2019\u00e9volution de carri\u00e8re. Apr\u00e8s plusieurs ann\u00e9es \u00e0 un m\u00eame poste avec de bons r\u00e9sultats, le passage au grade sup\u00e9rieur devrait \u00eatre automatique au lieu de d\u00e9pendre d\u2019un entretien annuel flou.\u201d<\/p>\n\n\n\n<ol start=\"3\" class=\"wp-block-list\">\n<li>Gouvernance et dialogue social : responsabilit\u00e9s de la Direction et des syndicats ?<\/li>\n<\/ol>\n\n\n\n<p>La Direction : vers une gouvernance participative :<br>L\u2019entreprise ne peut plus \u00eatre dirig\u00e9e de mani\u00e8re autoritaire et unilat\u00e9rale, sans tenir compte de la voix des salari\u00e9s. Il est essentiel qu\u2019elle renforce la participation des salari\u00e9s dans les prises de d\u00e9cisions strat\u00e9giques qui les concernent directement.<\/p>\n\n\n\n<p>Cela implique :<\/p>\n\n\n\n<ul class=\"wp-block-list\">\n<li>Une communication plus transparente sur les orientations \u00e9conomiques et strat\u00e9giques de l\u2019entreprise (r\u00e9sultats financiers, portefeuille des ventes, perspectives d\u2019\u00e9volution).<\/li>\n\n\n\n<li>Une meilleure \u00e9coute des salari\u00e9s, notamment ceux en mission chez le client, dont les sp\u00e9cificit\u00e9s doivent \u00eatre r\u00e9ellement prises en compte.<\/li>\n\n\n\n<li>Un dialogue social renforc\u00e9, avec de v\u00e9ritables \u00e9changes en amont des d\u00e9cisions importantes, et non de simples consultations formelles.<\/li>\n<\/ul>\n\n\n\n<p>Aujourd\u2019hui, de nombreux salari\u00e9s expriment une perte de confiance due \u00e0 un manque de visibilit\u00e9 et \u00e0 des d\u00e9cisions per\u00e7ues comme d\u00e9connect\u00e9es de leur r\u00e9alit\u00e9 quotidienne. Pour rem\u00e9dier \u00e0 cela, il est crucial que la Direction s\u2019engage \u00e0 instaurer une culture d\u2019entreprise d\u00e9mocratique et \u00e9quitable.<\/p>\n\n\n\n<p>Les syndicats et \u00e9lus des CSE : un r\u00f4le cl\u00e9 \u00e0 assumer pleinement :<br>Certaines revendications, notamment celles li\u00e9es \u00e0 la r\u00e9mun\u00e9ration, aux avantages sociaux et aux conditions de travail, rel\u00e8vent des n\u00e9gociations syndicales et des pr\u00e9rogatives des \u00e9lus des CSE. Il est donc essentiel que les organisations syndicales repr\u00e9sentatives assument pleinement leur r\u00f4le de d\u00e9fense des int\u00e9r\u00eats des salari\u00e9s.<\/p>\n\n\n\n<p>Cela implique :<\/p>\n\n\n\n<ul class=\"wp-block-list\">\n<li>Une mobilisation active dans les n\u00e9gociations avec la Direction sur des sujets tels que la grille salariale, les augmentations et les conditions de travail.<\/li>\n\n\n\n<li>Une consultation r\u00e9guli\u00e8re des salari\u00e9s afin de porter des revendications en ad\u00e9quation avec leurs attentes.<\/li>\n\n\n\n<li>Une vigilance accrue face aux blocages : en cas d\u2019absence d\u2019avanc\u00e9es concr\u00e8tes, il appartient aux syndicats et aux repr\u00e9sentants des salari\u00e9s de mener des actions adapt\u00e9es pour obtenir des r\u00e9sultats tangibles.<\/li>\n<\/ul>\n\n\n\n<p>Aujourd\u2019hui, de nombreux salari\u00e9s expriment le sentiment que les n\u00e9gociations ne permettent pas toujours d\u2019aboutir \u00e0 des avanc\u00e9es significatives. La Direction a tendance \u00e0 imposer sa vision des projets sans v\u00e9ritable r\u00e9action, par cons\u00e9quent les syndicats repr\u00e9sentatifs ne parviennent pas toujours \u00e0 mobiliser suffisamment pour infl\u00e9chir ces d\u00e9cisions. Il est donc essentiel de repenser les \u00e9changes entre toutes les parties prenantes afin de garantir une prise en compte effective des revendications et une meilleure participation des salari\u00e9s aux d\u00e9cisions strat\u00e9giques.<\/p>\n\n\n\n<p>Les salari\u00e9s :<br>Nous devons continuer \u00e0 nous mobiliser pour exiger des r\u00e9ponses et des actions concr\u00e8tes. Notre voix compte, et notre engagement collectif est essentiel pour faire \u00e9voluer la situation.<\/p>\n\n\n\n<ol start=\"4\" class=\"wp-block-list\">\n<li>Prochaine \u00e9tape : Demande de r\u00e9ponse officielle \u00e0 la Direction<\/li>\n<\/ol>\n\n\n\n<p>Ce rapport, bas\u00e9 sur les retours des salari\u00e9s, a \u00e9t\u00e9 transmis \u00e0 la Direction. Nous attendons d\u00e9sormais une r\u00e9ponse formelle et des engagements concrets sur les principales pr\u00e9occupations exprim\u00e9es :<br>Transparence et \u00e9quit\u00e9 salariale : publication des crit\u00e8res d\u2019augmentation, alignement des grades avec la convention Syntec, communication claire sur la r\u00e9partition des b\u00e9n\u00e9fices.<br>Am\u00e9lioration des conditions de travail : all\u00e8gement des processus administratifs, renforcement du management de proximit\u00e9, prise en compte des besoins sp\u00e9cifiques des salari\u00e9s en mission.<br>Reconnaissance des salari\u00e9s en mission chez un client : meilleure int\u00e9gration, outils adapt\u00e9s, crit\u00e8res d\u2019\u00e9valuation coh\u00e9rents avec leur r\u00e9alit\u00e9.<br>Un dialogue social plus ouvert et constructif : des consultations r\u00e9ellement prises en compte, un renforcement du r\u00f4le des repr\u00e9sentants des salari\u00e9s et une co-construction des d\u00e9cisions strat\u00e9giques.<\/p>\n\n\n\n<p>Nous restons vigilants quant aux actions qui seront mises en place et attendons une r\u00e9ponse claire de la Direction. Nous vous tiendrons inform\u00e9s des retours de la Direction et des prochaines actions \u00e0 mener.<\/p>\n\n\n\n<p>Restons solidaires et engag\u00e9s pour d\u00e9fendre nos droits et am\u00e9liorer nos conditions de travail.<\/p>\n\n\n\n<p><\/p>\n","protected":false},"excerpt":{"rendered":"<p>Chers coll\u00e8gues, Dans un contexte o\u00f9 des d\u00e9cisions importantes sont prises sans consultation r\u00e9elle des salari\u00e9s, nous avons men\u00e9, courant janvier 2025, un sondage aupr\u00e8s d\u2019un \u00e9chantillon de salari\u00e9s du groupe, recueillant environ 1 000 r\u00e9ponses. Ce sondage avait pour objectif de mieux comprendre vos pr\u00e9occupations et attentes sur des sujets essentiels tels que la &#8230; <a title=\"Rapport aux Salari\u00e9s \u2013 R\u00e9sultats de l\u2019Enqu\u00eate et Revendications\" class=\"read-more\" href=\"https:\/\/www.une-cap.org\/index.php\/2025\/02\/17\/rapport-aux-salaries-resultats-de-lenquete-et-revendications\/\" aria-label=\"En savoir plus sur Rapport aux Salari\u00e9s \u2013 R\u00e9sultats de l\u2019Enqu\u00eate et Revendications\">Lire la suite<\/a><\/p>\n","protected":false},"author":1,"featured_media":0,"comment_status":"open","ping_status":"open","sticky":false,"template":"","format":"standard","meta":{"footnotes":""},"categories":[1],"tags":[],"class_list":["post-110","post","type-post","status-publish","format-standard","hentry","category-non-classe"],"_links":{"self":[{"href":"https:\/\/www.une-cap.org\/index.php\/wp-json\/wp\/v2\/posts\/110","targetHints":{"allow":["GET"]}}],"collection":[{"href":"https:\/\/www.une-cap.org\/index.php\/wp-json\/wp\/v2\/posts"}],"about":[{"href":"https:\/\/www.une-cap.org\/index.php\/wp-json\/wp\/v2\/types\/post"}],"author":[{"embeddable":true,"href":"https:\/\/www.une-cap.org\/index.php\/wp-json\/wp\/v2\/users\/1"}],"replies":[{"embeddable":true,"href":"https:\/\/www.une-cap.org\/index.php\/wp-json\/wp\/v2\/comments?post=110"}],"version-history":[{"count":1,"href":"https:\/\/www.une-cap.org\/index.php\/wp-json\/wp\/v2\/posts\/110\/revisions"}],"predecessor-version":[{"id":111,"href":"https:\/\/www.une-cap.org\/index.php\/wp-json\/wp\/v2\/posts\/110\/revisions\/111"}],"wp:attachment":[{"href":"https:\/\/www.une-cap.org\/index.php\/wp-json\/wp\/v2\/media?parent=110"}],"wp:term":[{"taxonomy":"category","embeddable":true,"href":"https:\/\/www.une-cap.org\/index.php\/wp-json\/wp\/v2\/categories?post=110"},{"taxonomy":"post_tag","embeddable":true,"href":"https:\/\/www.une-cap.org\/index.php\/wp-json\/wp\/v2\/tags?post=110"}],"curies":[{"name":"wp","href":"https:\/\/api.w.org\/{rel}","templated":true}]}}