{"id":112,"date":"2025-02-17T18:23:28","date_gmt":"2025-02-17T17:23:28","guid":{"rendered":"https:\/\/www.une-cap.org\/?p=112"},"modified":"2025-02-17T18:23:28","modified_gmt":"2025-02-17T17:23:28","slug":"consultation-en-cours-face-aux-reponses-de-la-direction-quelles-solutions","status":"publish","type":"post","link":"https:\/\/www.une-cap.org\/index.php\/2025\/02\/17\/consultation-en-cours-face-aux-reponses-de-la-direction-quelles-solutions\/","title":{"rendered":"Consultation en cours : Face aux r\u00e9ponses de la Direction, quelles solutions ?"},"content":{"rendered":"\n<p>Chers coll\u00e8gues,<\/p>\n\n\n\n<p>Suite \u00e0 notre enqu\u00eate men\u00e9e aupr\u00e8s de 1 000 salari\u00e9s, nous avons transmis les r\u00e9sultats \u00e0 la Direction et sollicit\u00e9 une r\u00e9ponse officielle sur plusieurs sujets cruciaux : r\u00e9mun\u00e9ration, reconnaissance des salari\u00e9s en mission, participation aux d\u00e9cisions, outils RH et r\u00e9partition des richesses.<\/p>\n\n\n\n<p>Nous avons re\u00e7u une r\u00e9ponse de la Direction. Malheureusement, elle reste \u00e9vasive et insatisfaisante, reprenant les m\u00eames discours g\u00e9n\u00e9raux sans engagement concret sur les revendications des salari\u00e9s.<\/p>\n\n\n\n<p>Voici une analyse d\u00e9taill\u00e9e des r\u00e9ponses de la Direction et des r\u00e9alit\u00e9s que nous constatons :<\/p>\n\n\n\n<ol class=\"wp-block-list\">\n<li>R\u00e9mun\u00e9ration et transparence salariale<\/li>\n<\/ol>\n\n\n\n<p>La Direction met en avant les n\u00e9gociations annuelles obligatoires (NAO) et des augmentations individuelles bas\u00e9es sur des \u00ab crit\u00e8res de performance \u00bb. Pourtant, 88,5 % des salari\u00e9s jugent leur r\u00e9mun\u00e9ration insatisfaisante et per\u00e7oivent les augmentations comme opaques et arbitraires.<\/p>\n\n\n\n<p>Nous demandons :<br>\u2022 Une grille salariale transparente avec des crit\u00e8res clairs et accessibles.<br>\u2022 Un alignement avec la convention Syntec, assurant une correspondance pr\u00e9cise entre les grades internes et les coefficients Syntec.<br>\u2022 Une meilleure r\u00e9partition des richesses : alors que les salari\u00e9s font face \u00e0 des restrictions, les dirigeants per\u00e7oivent des augmentations importantes, ce qui pose un probl\u00e8me d\u2019\u00e9quit\u00e9.<\/p>\n\n\n\n<ol start=\"2\" class=\"wp-block-list\">\n<li>R\u00e9partition des b\u00e9n\u00e9fices et \u00e9quit\u00e9<\/li>\n<\/ol>\n\n\n\n<p>La Direction consid\u00e8re comme non n\u00e9gociable sa politique de redistribution des b\u00e9n\u00e9fices aux actionnaires. Pourtant, la performance de l\u2019entreprise repose sur ses salari\u00e9s, qui sont en droit d\u2019exiger une meilleure r\u00e9partition des richesses.<\/p>\n\n\n\n<p>Nous demandons :<br>\u2022 La publication des \u00e9carts de r\u00e9mun\u00e9ration et une transparence totale sur la r\u00e9partition des b\u00e9n\u00e9fices.<br>\u2022 Une v\u00e9ritable n\u00e9gociation sur ces enjeux, et non une communication descendante apr\u00e8s coup.<\/p>\n\n\n\n<ol start=\"3\" class=\"wp-block-list\">\n<li>Reconnaissance des salari\u00e9s en mission<\/li>\n<\/ol>\n\n\n\n<p>La Direction met en avant les People Managers et l\u2019outil Replicon, mais 84,6 % des salari\u00e9s en mission estiment que leurs sp\u00e9cificit\u00e9s sont ignor\u00e9es. L\u2019isolement persiste et Replicon est per\u00e7u comme un outil de contr\u00f4le plus que comme un soutien.<\/p>\n\n\n\n<p>Nous demandons :<br>\u2022 Une reconnaissance adapt\u00e9e aux salari\u00e9s en mission, avec des crit\u00e8res d\u2019\u00e9valuation ajust\u00e9s \u00e0 leur r\u00e9alit\u00e9.<br>\u2022 La cr\u00e9ation de comit\u00e9s d\u00e9di\u00e9s pour garantir leur participation aux d\u00e9cisions.<\/p>\n\n\n\n<ol start=\"4\" class=\"wp-block-list\">\n<li>Dialogue social et participation des salari\u00e9s<\/li>\n<\/ol>\n\n\n\n<p>Depuis la fusion des instances repr\u00e9sentatives en un seul CSE en 2020, la Direction applique ses d\u00e9cisions sans tenir compte des avis d\u00e9favorables du CSE ou des syndicats repr\u00e9sentatifs.<\/p>\n\n\n\n<ul class=\"wp-block-list\">\n<li>Lors des \u00e9lections du CSE en d\u00e9cembre 2023, environ 70 % des salari\u00e9s se sont abstenus, signe d\u2019un d\u00e9sengagement inqui\u00e9tant.<\/li>\n\n\n\n<li>Certains repr\u00e9sentants syndicaux ou \u00e9lus, lorsqu\u2019ils s\u2019opposent \u00e0 certaines d\u00e9cisions, subissent des pressions voire des intimidations.<\/li>\n<\/ul>\n\n\n\n<p>Nous demandons :<br>\u2022 Un renforcement du dialogue social avec des consultations effectives et un suivi des propositions.<br>\u2022 La mise en place d\u2019un comit\u00e9 de salari\u00e9s tir\u00e9s au sort, en compl\u00e9ment des syndicats et \u00e9lus, pour contribuer aux d\u00e9cisions impactant les conditions de travail.<\/p>\n\n\n\n<ol start=\"5\" class=\"wp-block-list\">\n<li>Am\u00e9lioration des outils RH et du management<\/li>\n<\/ol>\n\n\n\n<p>Le programme PXcell est pr\u00e9sent\u00e9 comme une r\u00e9ponse aux besoins d\u2019am\u00e9lioration des outils RH et du management. Cependant, aucun engagement clair n\u2019est pris concernant la simplification des outils ou l\u2019implication des salari\u00e9s dans leur conception.<\/p>\n\n\n\n<p>Nous demandons :<br>\u2022 Un audit des outils RH existants, avec une participation active des salari\u00e9s.<br>\u2022 Une meilleure formation des managers, notamment des People Managers, afin qu\u2019ils jouent un v\u00e9ritable r\u00f4le d\u2019accompagnement et non de simple relais administratif.<\/p>\n\n\n\n<p>Face \u00e0 l\u2019absence de dialogue, quelles perspectives ?<\/p>\n\n\n\n<p>Nous regrettons que la r\u00e9ponse de la Direction ne propose aucune avanc\u00e9e concr\u00e8te sur ces sujets essentiels. En ignorant les alertes des salari\u00e9s et en imposant des d\u00e9cisions sans concertation r\u00e9elle, elle prend le risque de fragiliser la performance de l\u2019entreprise et de d\u00e9t\u00e9riorer encore davantage le climat social.<\/p>\n\n\n\n<p>Alors, que faire ?<\/p>\n\n\n\n<p>Si les m\u00e9thodes actuelles ne fonctionnent pas, il est temps de r\u00e9fl\u00e9chir \u00e0 d\u2019autres actions. Plut\u00f4t que d\u2019attendre un changement qui ne vient pas, prenons les choses en main et d\u00e9finissons ensemble les meilleures strat\u00e9gies pour obtenir enfin des r\u00e9sultats.<\/p>\n\n\n\n<p>Nous vous invitons \u00e0 partager vos id\u00e9es \u00e0 travers une consultation :<br>\u2022 Comment pouvons-nous nous organiser diff\u00e9remment pour obtenir des avanc\u00e9es concr\u00e8tes ?<br>\u2022 Quelles actions seraient les plus efficaces pour faire entendre notre voix ?<\/p>\n\n\n\n<p>Lien vers la consultation : https:\/\/forms.gle\/AhFL41QJQsW9x6np8<\/p>\n\n\n\n<p>Cette consultation est l\u2019occasion de construire une mobilisation collective forte pour obtenir des avanc\u00e9es concr\u00e8tes.<\/p>\n\n\n\n<p>La Direction ne nous \u00e9coutera que si nous sommes d\u00e9termin\u00e9s. Faisons entendre notre voix ensemble !<\/p>\n\n\n\n<p>Solidairement,<\/p>\n","protected":false},"excerpt":{"rendered":"<p>Chers coll\u00e8gues, Suite \u00e0 notre enqu\u00eate men\u00e9e aupr\u00e8s de 1 000 salari\u00e9s, nous avons transmis les r\u00e9sultats \u00e0 la Direction et sollicit\u00e9 une r\u00e9ponse officielle sur plusieurs sujets cruciaux : r\u00e9mun\u00e9ration, reconnaissance des salari\u00e9s en mission, participation aux d\u00e9cisions, outils RH et r\u00e9partition des richesses. Nous avons re\u00e7u une r\u00e9ponse de la Direction. Malheureusement, elle &#8230; <a title=\"Consultation en cours : Face aux r\u00e9ponses de la Direction, quelles solutions ?\" class=\"read-more\" href=\"https:\/\/www.une-cap.org\/index.php\/2025\/02\/17\/consultation-en-cours-face-aux-reponses-de-la-direction-quelles-solutions\/\" aria-label=\"En savoir plus sur Consultation en cours : Face aux r\u00e9ponses de la Direction, quelles solutions ?\">Lire la suite<\/a><\/p>\n","protected":false},"author":1,"featured_media":0,"comment_status":"open","ping_status":"open","sticky":false,"template":"","format":"standard","meta":{"footnotes":""},"categories":[1],"tags":[],"class_list":["post-112","post","type-post","status-publish","format-standard","hentry","category-non-classe"],"_links":{"self":[{"href":"https:\/\/www.une-cap.org\/index.php\/wp-json\/wp\/v2\/posts\/112","targetHints":{"allow":["GET"]}}],"collection":[{"href":"https:\/\/www.une-cap.org\/index.php\/wp-json\/wp\/v2\/posts"}],"about":[{"href":"https:\/\/www.une-cap.org\/index.php\/wp-json\/wp\/v2\/types\/post"}],"author":[{"embeddable":true,"href":"https:\/\/www.une-cap.org\/index.php\/wp-json\/wp\/v2\/users\/1"}],"replies":[{"embeddable":true,"href":"https:\/\/www.une-cap.org\/index.php\/wp-json\/wp\/v2\/comments?post=112"}],"version-history":[{"count":1,"href":"https:\/\/www.une-cap.org\/index.php\/wp-json\/wp\/v2\/posts\/112\/revisions"}],"predecessor-version":[{"id":113,"href":"https:\/\/www.une-cap.org\/index.php\/wp-json\/wp\/v2\/posts\/112\/revisions\/113"}],"wp:attachment":[{"href":"https:\/\/www.une-cap.org\/index.php\/wp-json\/wp\/v2\/media?parent=112"}],"wp:term":[{"taxonomy":"category","embeddable":true,"href":"https:\/\/www.une-cap.org\/index.php\/wp-json\/wp\/v2\/categories?post=112"},{"taxonomy":"post_tag","embeddable":true,"href":"https:\/\/www.une-cap.org\/index.php\/wp-json\/wp\/v2\/tags?post=112"}],"curies":[{"name":"wp","href":"https:\/\/api.w.org\/{rel}","templated":true}]}}