{"id":40,"date":"2023-01-04T08:56:56","date_gmt":"2023-01-04T07:56:56","guid":{"rendered":"http:\/\/www.une-cap.org\/?p=40"},"modified":"2023-01-04T08:56:56","modified_gmt":"2023-01-04T07:56:56","slug":"lettre-ouverte-a-lensemble-des-syndicats-capgemini","status":"publish","type":"post","link":"https:\/\/www.une-cap.org\/index.php\/2023\/01\/04\/lettre-ouverte-a-lensemble-des-syndicats-capgemini\/","title":{"rendered":"Lettre ouverte \u00e0 l\u2019ensemble des syndicats Capgemini (*)"},"content":{"rendered":"\n<p>Chers Coll\u00e8gues,<\/p>\n\n\n\n<p>L\u2019inflation galopante&nbsp;fait des ravages dans le portefeuille de tous les salari\u00e9s&nbsp;et l\u2019augmentation des prix de l\u2019\u00e9nergie va acc\u00e9l\u00e9rer cet effet d\u00e9l\u00e9t\u00e8re.<\/p>\n\n\n\n<p>Capgemini&nbsp;r\u00e9percute sur ses clients les hausses de prix li\u00e9es \u00e0 l\u2019inflation.<\/p>\n\n\n\n<p>Par ailleurs,&nbsp;la Direction de Capgemini fait la sourde oreille au moment o\u00f9 notre DG, Monsieur Aiman Ezzat,&nbsp;proclame une \u00ab&nbsp;<strong>excellente performance du premier semestre, avec un chiffre d\u2019affaires sup\u00e9rieur \u00e0 10 milliards d\u2019euros, en hausse de +18,5% \u00e0 taux de change constants et de +19,3% au T2.<\/strong>&nbsp;\u00bb gr\u00e2ce \u00e0 \u00ab&nbsp;tous les membres de notre \u00e9quipe et de notre r\u00e9ussite collective&nbsp;\u00bb (voir le mail du 29\/07\/2022).&nbsp;<\/p>\n\n\n\n<p>Dans&nbsp;cette&nbsp;situation exceptionnelle,&nbsp;un groupe comme Capgemini&nbsp;devrait&nbsp;repenser sa politique salariale et prendre l\u2019initiative de pr\u00e9voir des budgets suppl\u00e9mentaires pour des augmentations selon les besoins.&nbsp;Regardons l\u2019exemple d\u2019Air France qui a&nbsp;mis en place r\u00e9cemment&nbsp;une augmentation g\u00e9n\u00e9rale des salaires \u00e0 hauteur de 5%.<\/p>\n\n\n\n<p>Mais chez&nbsp;Capgemini&nbsp;:&nbsp;<strong>NON<\/strong>. Preuve&nbsp;que l\u2019initiative du 14 avril 2022 de certains d\u2019entre vous n\u2019a pas donn\u00e9 de r\u00e9sultat positif. Ceci tout simplement parce que&nbsp;:&nbsp;<\/p>\n\n\n\n<ol class=\"wp-block-list\" type=\"1\">\n<li>Les syndicats chez Capgemini sont divis\u00e9s pour diverses raisons&nbsp;;<\/li>\n\n\n\n<li>La possibilit\u00e9 d\u2019avoir un espace de communication num\u00e9rique et adapt\u00e9 pour dialoguer avec l\u2019ensemble des salari\u00e9s afin qu\u2019ils&nbsp;puissent s\u2019associer&nbsp;et d\u00e9fendre leurs propres int\u00e9r\u00eats n\u2019existe pas. Rappelons que d\u2019apr\u00e8s notre estimation&nbsp;(\u00e0 v\u00e9rifier)&nbsp;sur les environ 32000 salari\u00e9s en France&nbsp;(y compris Altran),&nbsp;plus de 65% travaillent&nbsp;sur le site des clients et moins de 4500 sont quotidiennement sur les sites de Capgemini et le reste en t\u00e9l\u00e9travail&nbsp;;<\/li>\n\n\n\n<li>La direction actuelle de Capgemini se&nbsp;comporte de fa\u00e7on autoritaire. Elle est compl\u00e8tement&nbsp;inaudible pour les syndicats et elle est m\u00eame hostile&nbsp;\u00e0 certains syndicats&nbsp;raisonnablement revendicatifs&nbsp;(voir les t\u00e9moignages&nbsp;sur le d\u00e9roulement&nbsp;des n\u00e9gociations pour comprendre comment la Direction&nbsp;impose ses textes).<\/li>\n<\/ol>\n\n\n\n<p>Autre sujet que nous souhaitons mettre en exergue&nbsp;: <strong>la<\/strong>&nbsp;<strong>restructuration d\u00e9guis\u00e9e<\/strong>.&nbsp;<\/p>\n\n\n\n<p>A chaque acquisition de soci\u00e9t\u00e9 concurrente, les salari\u00e9s issus des&nbsp;entreprises rachet\u00e9es subissent un traumatisme sans&nbsp;pr\u00e9c\u00e9dent et sont majoritairement pouss\u00e9s \u00e0 quitter l\u2019entreprise dans les&nbsp;trois premi\u00e8res ann\u00e9es.&nbsp;Nous l\u2019avons constat\u00e9 lors de la disparition de&nbsp;<strong>Prosodie<\/strong>, et c\u2019est maintenant le tour d<strong>\u2019Altran<\/strong>.&nbsp;<\/p>\n\n\n\n<p>\u00c9tonnement c\u2019est souvent&nbsp;le&nbsp;<strong>syst\u00e8me d\u2019\u00e9valuation<\/strong>&nbsp;qui suscite la tentation de partir.<\/p>\n\n\n\n<p>Car,&nbsp;en pratique,&nbsp;<strong>les<\/strong><strong>Carri\u00e8res&nbsp;Managers z\u00e9l\u00e9s<\/strong>n\u2019\u00e9valuent pas les salari\u00e9s en fonction de leur m\u00e9rite mais sur la base d\u2019une savante et subtile segmentation.&nbsp;&nbsp;Les salari\u00e9s sont class\u00e9s dans diff\u00e9rentes cat\u00e9gories en fonction de&nbsp;leur&nbsp;\u00e2ge, leur anciennet\u00e9, leur grade, etc. Et c\u2019est sur ces crit\u00e8res que les notes 4 et 5 leur sont attribu\u00e9es au m\u00e9pris du v\u00e9ritable m\u00e9rite. Le vice va jusqu\u2019\u00e0 leur infliger un plan d\u2019actions (le fameux PAP) dont l\u2019objectif cach\u00e9 est de les mettre sous pression et de faire en sorte qu\u2019ils quittent l\u2019entreprise.&nbsp;<\/p>\n\n\n\n<p>Nous sommes maintenant en p\u00e9riode de CED,&nbsp;l\u2019heure est donc venue de&nbsp;susciter&nbsp;une r\u00e9action de solidarit\u00e9 de&nbsp;la part des&nbsp;salari\u00e9s. &nbsp;<\/p>\n\n\n\n<p>C\u2019est la raison pour laquelle,&nbsp;dans le but de&nbsp;r\u00e9pondre&nbsp;\u00e0 une situation exceptionnelle,&nbsp;nous,&nbsp;un groupe de salari\u00e9s Capgemini inquiets, vous appelons \u00e0 exiger&nbsp;:<\/p>\n\n\n\n<ul class=\"wp-block-list\">\n<li><strong>Une augmentation<\/strong>&nbsp;g\u00e9n\u00e9rale des salaires \u00e0 hauteur de&nbsp;<strong>6,1% (\u00e0 la hauteur du taux d\u2019inflation mesur\u00e9 par l\u2019INSEE en juillet sur un an)<\/strong>,&nbsp;vers\u00e9e en anticipation des processus du CED 2022&nbsp;;<\/li>\n\n\n\n<li>Le versement fin d\u00e9cembre 2022, \u00e0 l\u2019ensemble des salari\u00e9s, d\u2019une prime exceptionnelle de pouvoir d\u2019achat de 1000 euros ;<\/li>\n\n\n\n<li>Une vigilance particuli\u00e8re&nbsp;sur les retours de&nbsp;CED, afin&nbsp;d\u2019\u00e9liminer&nbsp;les pratiques&nbsp;nocives&nbsp;de notations&nbsp;par les&nbsp;<strong>carri\u00e8res managers z\u00e9l\u00e9s.<\/strong><\/li>\n<\/ul>\n\n\n\n<p>Par cons\u00e9quent, nous souhaitons qu&rsquo;en r\u00e9unissant vos efforts vous puissiez faire \u00e9merger des id\u00e9es novatrices&nbsp;pour trouver&nbsp;des solutions \u00e0&nbsp;nos probl\u00e8mes.<\/p>\n\n\n\n<p>Dans l\u2019attente de votre r\u00e9ponse.&nbsp;Bien cordialement.<\/p>\n\n\n\n<p><strong>Robin&nbsp;D\u00e9cape<\/strong><strong><\/strong><\/p>\n\n\n\n<p><strong>Un groupe des salari\u00e9s Capgemini inquiets<\/strong><\/p>\n\n\n\n<p>Septembre 2022<\/p>\n\n\n\n<p>(*) Copie&nbsp;:<\/p>\n\n\n\n<p>&#8211; CGT<\/p>\n\n\n\n<p>&#8211; Alliance Ouvri\u00e8re<\/p>\n\n\n\n<p>&#8211; CFDT<\/p>\n\n\n\n<p>&#8211; Alliance Sociale<\/p>\n\n\n\n<p>&#8211; CFE-CGC<\/p>\n\n\n\n<p>&#8211; Solidaires Informatique (SUD)<\/p>\n\n\n\n<p>&#8211; FO<\/p>\n\n\n\n<p>&#8211; Mouvement pour la D\u00e9mocratie Sociale (MDS)<\/p>\n\n\n\n<p>&#8211; USAPIE<\/p>\n\n\n\n<p>&#8211; Lien-UNSA<\/p>\n\n\n\n<p>&#8211; CFTC<\/p>\n\n\n\n<p>&#8211; SAP<\/p>\n\n\n\n<p>&#8211; Un Nouvel Elan (UNE)<\/p>\n","protected":false},"excerpt":{"rendered":"<p>Chers Coll\u00e8gues, L\u2019inflation galopante&nbsp;fait des ravages dans le portefeuille de tous les salari\u00e9s&nbsp;et l\u2019augmentation des prix de l\u2019\u00e9nergie va acc\u00e9l\u00e9rer cet effet d\u00e9l\u00e9t\u00e8re. Capgemini&nbsp;r\u00e9percute sur ses clients les hausses de prix li\u00e9es \u00e0 l\u2019inflation. Par ailleurs,&nbsp;la Direction de Capgemini fait la sourde oreille au moment o\u00f9 notre DG, Monsieur Aiman Ezzat,&nbsp;proclame une \u00ab&nbsp;excellente performance du &#8230; <a title=\"Lettre ouverte \u00e0 l\u2019ensemble des syndicats Capgemini (*)\" class=\"read-more\" href=\"https:\/\/www.une-cap.org\/index.php\/2023\/01\/04\/lettre-ouverte-a-lensemble-des-syndicats-capgemini\/\" aria-label=\"En savoir plus sur Lettre ouverte \u00e0 l\u2019ensemble des syndicats Capgemini (*)\">Lire la suite<\/a><\/p>\n","protected":false},"author":1,"featured_media":0,"comment_status":"open","ping_status":"open","sticky":false,"template":"","format":"standard","meta":{"footnotes":""},"categories":[1],"tags":[],"class_list":["post-40","post","type-post","status-publish","format-standard","hentry","category-non-classe"],"_links":{"self":[{"href":"https:\/\/www.une-cap.org\/index.php\/wp-json\/wp\/v2\/posts\/40","targetHints":{"allow":["GET"]}}],"collection":[{"href":"https:\/\/www.une-cap.org\/index.php\/wp-json\/wp\/v2\/posts"}],"about":[{"href":"https:\/\/www.une-cap.org\/index.php\/wp-json\/wp\/v2\/types\/post"}],"author":[{"embeddable":true,"href":"https:\/\/www.une-cap.org\/index.php\/wp-json\/wp\/v2\/users\/1"}],"replies":[{"embeddable":true,"href":"https:\/\/www.une-cap.org\/index.php\/wp-json\/wp\/v2\/comments?post=40"}],"version-history":[{"count":1,"href":"https:\/\/www.une-cap.org\/index.php\/wp-json\/wp\/v2\/posts\/40\/revisions"}],"predecessor-version":[{"id":41,"href":"https:\/\/www.une-cap.org\/index.php\/wp-json\/wp\/v2\/posts\/40\/revisions\/41"}],"wp:attachment":[{"href":"https:\/\/www.une-cap.org\/index.php\/wp-json\/wp\/v2\/media?parent=40"}],"wp:term":[{"taxonomy":"category","embeddable":true,"href":"https:\/\/www.une-cap.org\/index.php\/wp-json\/wp\/v2\/categories?post=40"},{"taxonomy":"post_tag","embeddable":true,"href":"https:\/\/www.une-cap.org\/index.php\/wp-json\/wp\/v2\/tags?post=40"}],"curies":[{"name":"wp","href":"https:\/\/api.w.org\/{rel}","templated":true}]}}