{"id":44,"date":"2023-01-04T09:03:17","date_gmt":"2023-01-04T08:03:17","guid":{"rendered":"http:\/\/www.une-cap.org\/?p=44"},"modified":"2023-01-04T09:03:17","modified_gmt":"2023-01-04T08:03:17","slug":"bulletin-dinformation-novembre-2022","status":"publish","type":"post","link":"https:\/\/www.une-cap.org\/index.php\/2023\/01\/04\/bulletin-dinformation-novembre-2022\/","title":{"rendered":"Bulletin d&rsquo;information-novembre 2022"},"content":{"rendered":"\n<p class=\"has-small-font-size\">Courant fin septembre un groupe de salari\u00e9s inquiets sous le nom de \u00ab&nbsp;<strong>Robin d\u00e9cape<\/strong>&nbsp;\u00bb a adress\u00e9 une lettre ouverte \u00e0 l\u2019ensemble des syndicats Capgemini. Dans cette lettre, ce groupe indiquait que&nbsp;beaucoup de nos coll\u00e8gues sont pris&nbsp;\u00e0 la gorge par l\u2019inflation galopante, et par les restructurations d\u00e9guis\u00e9es (voir ci-apr\u00e8s).<\/p>\n\n\n\n<p class=\"has-small-font-size\">UNE (Un nouvel \u00c9lan) \u00e9tait&nbsp;<strong><u>le seul syndicat<\/u><\/strong>&nbsp;qui a relay\u00e9 favorablement leurs revendications et ils nous ont remerci\u00e9s d\u2019\u00eatre en phase avec leurs exigences (voir ci-apr\u00e8s). Rappelons que, depuis, certains d\u2019entre eux nous ont contact\u00e9s.<\/p>\n\n\n\n<p class=\"has-small-font-size\">En effet, pour \u00eatre solidaire, nous avons alert\u00e9 le Directeur Ex\u00e9cutif UES Capgemini, Monsieur Aiman Ezzat, en lui rappelant que de nombreuses entreprises ont anticip\u00e9 les effets de l\u2019inflation sur les conditions de vie de leurs salari\u00e9s en proc\u00e9dant \u00e0 des augmentations substantielles des salaires. D\u2019autres, \u00e0 l\u2019instar de TOTAL ou ESSO, sont pouss\u00e9es \u00e0 le faire par les salari\u00e9s en col\u00e8re qui manifestent et se mettent en gr\u00e8ve. Et nous avons souhait\u00e9 conna\u00eetre sa position sur :<\/p>\n\n\n\n<p class=\"has-small-font-size\">1) Est-il favorable \u00e0 une augmentation g\u00e9n\u00e9rale&nbsp;des salaires et \u00e0 l\u2019attribution d\u2019une&nbsp;prime exceptionnelle de pouvoir d\u2019achat&nbsp;?<\/p>\n\n\n\n<p class=\"has-small-font-size\">2)&nbsp;Envisage-t-il une vigilance&nbsp;particuli\u00e8re sur les retours de CED de fa\u00e7on \u00e0 rassurer les salari\u00e9s et pr\u00e9venir les effets du m\u00e9contentement et de l\u2019anxi\u00e9t\u00e9 engendr\u00e9s par ce contexte&nbsp;?<\/p>\n\n\n\n<p class=\"has-small-font-size\">Par l\u2019interm\u00e9diaire du Directeur des Affaires Sociales de Capgemini il nous a communiqu\u00e9 les r\u00e9ponses suivantes :<\/p>\n\n\n\n<p class=\"has-small-font-size\">\u00ab&nbsp;Tout d\u2019abord, l\u2019entreprise est tr\u00e8s soucieuse du respect du bien-\u00eatre et de la sant\u00e9 de ses salari\u00e9s\u2026&nbsp;\u00bb et \u00ab&nbsp;veillera, comme elle le fait tous les ans \u00e9galement, \u00e0 ce que les restitutions des CED aient lieu dans de bonnes conditions.&nbsp;\u00bb<\/p>\n\n\n\n<p class=\"has-small-font-size\">Cette r\u00e9ponse est sibylline et il est difficile de trouver une interpr\u00e9tation positive. &nbsp;<\/p>\n\n\n\n<p class=\"has-small-font-size\">\u00ab&nbsp;Par ailleurs, l\u2019entreprise est consciente de l\u2019\u00e9volution de l\u2019inflation et des difficult\u00e9s auxquelles certains doivent faire face. Elle va engager la NAO salariale avec les organisations syndicales repr\u00e9sentatives au niveau de l\u2019UES Capgemini&nbsp;le 29 novembre.&nbsp;\u00bb<\/p>\n\n\n\n<p class=\"has-small-font-size\">Sur les augmentations la r\u00e9ponse est renvoy\u00e9e au r\u00e9sultat de la n\u00e9gociation annuelle (NAO) qui n\u2019a quasiment rien donn\u00e9 l\u2019an dernier.&nbsp;<\/p>\n\n\n\n<p class=\"has-small-font-size\">Comme vous pouvez le constater, nos dirigeants utilisent la langue de bois pour tenter d\u2019\u00e9chapper \u00e0 une vraie r\u00e9ponse \u00e0 nos questionnements l\u00e9gitimes. Leurs r\u00e9ponses ne garantissent absolument rien, et concernant l\u2019issue de la n\u00e9gociation NAO, on ne peut qu&rsquo;attendre en esp\u00e9rant qu\u2019elle soit effective et transparente afin d\u2019avoir une id\u00e9e de l\u2019attitude et des intentions de la Direction. Par la m\u00eame occasion nous pourrons juger de l&rsquo;efficacit\u00e9 des syndicats&nbsp;majoritaires. &nbsp;<\/p>\n\n\n\n<p class=\"has-small-font-size\">Selon&nbsp;<strong>Michel-Edouard LECLERC<\/strong>&nbsp;\u00ab&nbsp;On va vers une inflation \u00e0 deux chiffres sur les produits de consommation&nbsp;\u00bb (BFMTV le 08\/11\/2022). Cela augure une d\u00e9gradation du pouvoir d\u2019achat et du moral de coll\u00e8gues salari\u00e9s. Cela va-t-il convaincre nos dirigeants de prendre des mesures radicales pour les mettre \u00e0 l\u2019abri ?<\/p>\n\n\n\n<p class=\"has-small-font-size\">En attendant, concr\u00e8tement nous proposons \u00e0 tous nos coll\u00e8gues de r\u00e9agir et de manifester leur m\u00e9contentement. Pour commencer ils peuvent simplement et en toute confidentialit\u00e9 prendre contact par mail ou t\u00e9l\u00e9phone avec nous (voir nos coordonn\u00e9es en toute fin de ce message).&nbsp;<\/p>\n\n\n\n<p class=\"has-small-font-size\">Nous pensons que lorsque les salari\u00e9s connaissent leurs droits alors ils peuvent se d\u00e9fendre. Parce que \u00ab&nbsp;<strong>le savoir, c\u2019est le pouvoir<\/strong>&nbsp;\u00bb. Pour cela nous invitons nos coll\u00e8gues \u00e0 poser des questions par \u00e9crit, de conserver les r\u00e9ponses et les documents relatifs \u00e0 la vie professionnelle qui pourront constituer des preuves le cas \u00e9ch\u00e9ant. Quand les \u00e9l\u00e9ments se montrent suffisamment solides, nous alertons, d\u2019abord des responsables RH dont c\u2019est le r\u00f4le d\u2019intervenir. Et si rien de concluant ne se passe, alors nous sommes l\u00e0 pour vous aider, conseiller, accompagner m\u00eame, si cela est n\u00e9cessaire, devant la justice.<\/p>\n\n\n\n<p><\/p>\n","protected":false},"excerpt":{"rendered":"<p>Courant fin septembre un groupe de salari\u00e9s inquiets sous le nom de \u00ab&nbsp;Robin d\u00e9cape&nbsp;\u00bb a adress\u00e9 une lettre ouverte \u00e0 l\u2019ensemble des syndicats Capgemini. Dans cette lettre, ce groupe indiquait que&nbsp;beaucoup de nos coll\u00e8gues sont pris&nbsp;\u00e0 la gorge par l\u2019inflation galopante, et par les restructurations d\u00e9guis\u00e9es (voir ci-apr\u00e8s). UNE (Un nouvel \u00c9lan) \u00e9tait&nbsp;le seul syndicat&nbsp;qui &#8230; <a title=\"Bulletin d&rsquo;information-novembre 2022\" class=\"read-more\" href=\"https:\/\/www.une-cap.org\/index.php\/2023\/01\/04\/bulletin-dinformation-novembre-2022\/\" aria-label=\"En savoir plus sur Bulletin d&rsquo;information-novembre 2022\">Lire la suite<\/a><\/p>\n","protected":false},"author":1,"featured_media":0,"comment_status":"open","ping_status":"open","sticky":false,"template":"","format":"standard","meta":{"footnotes":""},"categories":[1],"tags":[],"class_list":["post-44","post","type-post","status-publish","format-standard","hentry","category-non-classe"],"_links":{"self":[{"href":"https:\/\/www.une-cap.org\/index.php\/wp-json\/wp\/v2\/posts\/44","targetHints":{"allow":["GET"]}}],"collection":[{"href":"https:\/\/www.une-cap.org\/index.php\/wp-json\/wp\/v2\/posts"}],"about":[{"href":"https:\/\/www.une-cap.org\/index.php\/wp-json\/wp\/v2\/types\/post"}],"author":[{"embeddable":true,"href":"https:\/\/www.une-cap.org\/index.php\/wp-json\/wp\/v2\/users\/1"}],"replies":[{"embeddable":true,"href":"https:\/\/www.une-cap.org\/index.php\/wp-json\/wp\/v2\/comments?post=44"}],"version-history":[{"count":1,"href":"https:\/\/www.une-cap.org\/index.php\/wp-json\/wp\/v2\/posts\/44\/revisions"}],"predecessor-version":[{"id":46,"href":"https:\/\/www.une-cap.org\/index.php\/wp-json\/wp\/v2\/posts\/44\/revisions\/46"}],"wp:attachment":[{"href":"https:\/\/www.une-cap.org\/index.php\/wp-json\/wp\/v2\/media?parent=44"}],"wp:term":[{"taxonomy":"category","embeddable":true,"href":"https:\/\/www.une-cap.org\/index.php\/wp-json\/wp\/v2\/categories?post=44"},{"taxonomy":"post_tag","embeddable":true,"href":"https:\/\/www.une-cap.org\/index.php\/wp-json\/wp\/v2\/tags?post=44"}],"curies":[{"name":"wp","href":"https:\/\/api.w.org\/{rel}","templated":true}]}}